{"id":9862,"date":"2026-09-04T18:39:27","date_gmt":"2026-09-04T16:39:27","guid":{"rendered":"https:\/\/danielamohr.com\/mohrblog\/?p=9862"},"modified":"2026-09-05T10:41:07","modified_gmt":"2026-09-05T08:41:07","slug":"doeppekooche","status":"publish","type":"post","link":"https:\/\/danielamohr.com\/mohrblog\/2026\/09\/04\/doeppekooche\/","title":{"rendered":"D\u00f6ppekooche aus dem Airfryer"},"content":{"rendered":"\n<p class=\"wp-block-paragraph\">K\u00fcrzlich hat mir eine ADHS-Leidensgenossin, die aktuell wegen Schwangerschaft und Stillzeit keine Medikamente nehmen darf, erz\u00e4hlt, dass sie es geschafft hat, durch eine Ern\u00e4hrungsumstellung ihre Psychokirmes auf ein deutlich ertr\u00e4glicheres Level herunterzuregeln. Ihre ADHS-Symptome kicken nicht mehr ganz so stark und Depressionen sind auch handzahmer geworden.<\/p>\n\n\n\n<p class=\"wp-block-paragraph\">Nachdem mir dann noch eine ebenfalls neurodivergente Psychiaterin ans Herz gelegt hat, zumindest mal auf meinen Zuckerkonsum zu achten (im g\u00fcnstigsten Fall auch gleich auf eine proteinreiche, vollwerte Ern\u00e4hrung, aber weniger Zucker w\u00e4r&#8216; ja schon mal was) und ich dann noch \u00fcber eine spannende Podcast-Folge mit Dr. Riedl zum Thema \u201eEssen f\u00fcr die Psyche\u201c gestollpert und selbige maximalinteressiert verschlungen habe, sehe ich das ganze nun mal als Aufh\u00e4nger, mal wieder etwas motivierter an dem zu schrauben, was bei mir auf dem Teller landet.<\/p>\n\n\n\n<p class=\"wp-block-paragraph\">Auch wenn ich inzwischen ein totales K\u00fcchenfaultier geworden bin und mich \u00fcber die Jahre meilenweit von meinem alten veganen Vollwert hinfort entfernt habe&#8230; so&#8217;n bisschen was geht ja immer.<\/p>\n\n\n\n<p class=\"wp-block-paragraph\">Und wenn man \u2013 so wie ich \u2013 ohnehin einige elektronische K\u00fcchenhelfer rumstehen hat, kann man die ja auch eigentlich mal wieder benutzen. Heute habe ich die Helferlein benutzt, um mir einen ziemlich leckeren w\u00fcrzigen Kartoffelklops zu backen, im Rheinland auch als \u201eD\u00f6ppekooche\u201c bekannt. Im klassischen Original enth\u00e4lt dieses Gericht Speck, Wurst und Ei, in meinem Fall kommt R\u00e4uchertofu und Kichererbsenmehl hinein.<\/p>\n\n\n\n<ul class=\"wp-block-list\">\n<li>1 kg Kartoffeln (am besten in Bioqualit\u00e4t, dann muss man nicht sch\u00e4len)<\/li>\n\n\n\n<li>2 mittelgro\u00dfe M\u00f6hren (ca. 150 g)<\/li>\n\n\n\n<li>1 Zwiebel<\/li>\n\n\n\n<li>1-2 Knoblauchzehen<\/li>\n\n\n\n<li>\u00bd Bund frische Petersilie<\/li>\n\n\n\n<li>40 g Kichererbsenmehl<\/li>\n\n\n\n<li>175 g R\u00e4uchertofu (bzw. einfach 1 Block, auf ein paar Gramm mehr oder weniger kommt&#8217;s nicht an)<\/li>\n\n\n\n<li>2 gestr. TL Salz,<\/li>\n\n\n\n<li>1-2 gestr. TL ger\u00e4uchertes Paprikapulver<\/li>\n\n\n\n<li>1 gestr. TL schwarzer Pfeffer<\/li>\n\n\n\n<li>4 EL Oliven\u00f6l<\/li>\n<\/ul>\n\n\n\n<p class=\"wp-block-paragraph\">Wer einen Thermomix oder einen \u00e4hnlichen \u00fcberteuerten K\u00fcchenporsche sein eigen nennt, darf sich freuen, dann ist das Dings n\u00e4mlich ziemlich schnell zusammenged\u00e4ngelt. In diesem Fall einfach Kartoffeln (gerne mit Schale), M\u00f6hren und Zwiebel grob zerteilen und zusammen mit den Knoblauchzehen, der Petersilie, Gew\u00fcrzen und Kichererbsenmehl in den Mixtopf schubsen. Auf Stufe 4,5 \u2013 5 ein paar Minuten ordentlich zerh\u00e4ckseln.<\/p>\n\n\n\n<p class=\"wp-block-paragraph\">Den R\u00e4uchertofu fein w\u00fcrfeln und untermischen. (Man k\u00f6nnte es auch ganz einfach machen und ihn gleich mit den anderen Zutaten in der K\u00fcchenmaschine zerkleinern, aber ich finde, mit sichtbaren Tofust\u00fcckchen in der Kartoffelmasse hat der D\u00f6ppekooche eine charmantere Struktur.) Wichtig ist au\u00dferdem, wirklich gut und ausreichend zu w\u00fcrzen, eher zuviel als zuwenig. Ich haue tats\u00e4chlich auch mehr Salz in die Masse als angegeben, aber zuviel davon ist der Gesundheit ja nicht so zutr\u00e4glich. Da muss also jeder selbst schauen, wie er das handhabt. <\/p>\n\n\n\n<p class=\"wp-block-paragraph\">Und jetzt kommt der zweite K\u00fcchenhelfer zum Einsatz, n\u00e4mlich die Hei\u00dfluftfritte. Ich habe f\u00fcr meinen Airfryer eine antihaftbeschichte Backform in der Gr\u00f6\u00dfe 18 x 18 x 7 cm, und da passt der Kartoffelkerl ganz wunderbar hinein. Mit 2 EL \u00d6l bestreiche ich die Form, f\u00fclle dann die Masse ein, dr\u00fccke sie ein wenig fest und gebe die restlichen 2 EL \u00d6l oben drauf.<\/p>\n\n\n\n<p class=\"wp-block-paragraph\">Dann muss der D\u00f6ppekooche in spe noch 60 Minuten bei 200 Grad ge-airfryert werden und fertig ist die gar nicht mal so ganz ungesunde Mahlzeit. Mit ungef\u00e4hr 13 g Protein pro Portion (bei 4 Portionen) ist es zwar nicht unbedingt der Eiwei\u00dfkn\u00fcller schlechthin, aber wenn man z.B. statt klassischem (unges\u00fc\u00dften! Nat\u00fcrlich! Der Zucker, der ZUCKER!) Apfelmus mal ganz unorthodox veganen Kr\u00e4uterquark dazu isst, kann man da noch ein bisschen nachladen.<\/p>\n\n\n\n<p class=\"wp-block-paragraph\">Und das Gute ist: Das Ganze ergibt mindestens 2 Portionen, mit etwas Salat als Beilage kann man sogar gut 4 Tage davon essen. Also nur einmal schreddern und f\u00fcr mehrere Tage versorgt sein, da freut sich das K\u00fcchenfaultier!<\/p>\n\n\n\n<p class=\"wp-block-paragraph\">Der D\u00f6ppekooche schmeckt zwar auch kalt ganz okayish, aber ich f\u00f6ne mir meine Mahlzeit immer noch kurz im Airfryer etwas hei\u00df, dann knuspert es auch wieder.<\/p>\n\n\n\n<p class=\"wp-block-paragraph\">Wenn man weder K\u00fcchenporsche noch Hei\u00dfluftfritte besitzt, muss man das Kartoffel- und Gem\u00fcseged\u00f6ns wohl leider von Hand reiben, da ist der Spa\u00dffaktor wohl eher m\u00e4\u00dfig, -Statt Airfryer kann man wohl auch im Ofen backen.<\/p>\n\n\n\n<p class=\"wp-block-paragraph\">Und ja, ich wei\u00df \u2013 in Sachen vorbildlicher ausgewogener Vollwertern\u00e4hrung ist noch Luft nach oben, aber irgendwo muss man ja anfangen.<\/p>\n\n\n\n<hr class=\"wp-block-separator has-alpha-channel-opacity\"\/>\n\n\n\n<div class=\"wp-block-columns is-layout-flex wp-container-core-columns-is-layout-8f761849 wp-block-columns-is-layout-flex\">\n<div class=\"wp-block-column is-layout-flow wp-block-column-is-layout-flow\" style=\"flex-basis:100%\">\n<p class=\"has-black-color has-text-color has-background has-small-font-size wp-block-paragraph\" style=\"background-color:#abb7c230\">Du willst &#8222;mehr Mohr&#8220;? Dann melde dich zum Newsletter an &#8211; f\u00fcr umme und jederzeit k\u00fcndbar!<br>  \n  \n  <div class=\"\n    mailpoet_form_popup_overlay\n      \"><\/div>\n  <div\n    id=\"mailpoet_form_1\"\n    class=\"\n      mailpoet_form\n      mailpoet_form_shortcode\n      mailpoet_form_position_\n      mailpoet_form_animation_\n    \"\n      >\n\n    <style type=\"text\/css\">\n     #mailpoet_form_1 .mailpoet_form {  }\n#mailpoet_form_1 .mailpoet_paragraph { line-height: 20px; }\n#mailpoet_form_1 .mailpoet_segment_label, #mailpoet_form_1 .mailpoet_text_label, #mailpoet_form_1 .mailpoet_textarea_label, #mailpoet_form_1 .mailpoet_select_label, #mailpoet_form_1 .mailpoet_radio_label, #mailpoet_form_1 .mailpoet_checkbox_label, #mailpoet_form_1 .mailpoet_list_label, #mailpoet_form_1 .mailpoet_date_label { display: block; font-weight: bold; }\n#mailpoet_form_1 .mailpoet_text, #mailpoet_form_1 .mailpoet_textarea, #mailpoet_form_1 .mailpoet_select, #mailpoet_form_1 .mailpoet_date_month, #mailpoet_form_1 .mailpoet_date_day, #mailpoet_form_1 .mailpoet_date_year, #mailpoet_form_1 .mailpoet_date { display: block; }\n#mailpoet_form_1 .mailpoet_text, #mailpoet_form_1 .mailpoet_textarea { width: 200px; }\n#mailpoet_form_1 .mailpoet_checkbox {  }\n#mailpoet_form_1 .mailpoet_submit input {  }\n#mailpoet_form_1 .mailpoet_divider {  }\n#mailpoet_form_1 .mailpoet_message {  }\n#mailpoet_form_1 .mailpoet_validate_success { color: #468847; }\n#mailpoet_form_1 .mailpoet_validate_error { color: #b94a48; }#mailpoet_form_1{;}#mailpoet_form_1 .mailpoet_message {margin: 0; padding: 0 20px;}#mailpoet_form_1 .mailpoet_paragraph.last {margin-bottom: 0} @media (max-width: 500px) {#mailpoet_form_1 {background-image: none;}} @media (min-width: 500px) {#mailpoet_form_1 .last .mailpoet_paragraph:last-child {margin-bottom: 0}}  @media (max-width: 500px) {#mailpoet_form_1 .mailpoet_form_column:last-child .mailpoet_paragraph:last-child {margin-bottom: 0}} \n    <\/style>\n\n    <form\n      target=\"_self\"\n      method=\"post\"\n      action=\"https:\/\/danielamohr.com\/mohrblog\/wp-admin\/admin-post.php?action=mailpoet_subscription_form\"\n      class=\"mailpoet_form mailpoet_form_form mailpoet_form_shortcode\"\n      novalidate\n      data-delay=\"\"\n      data-exit-intent-enabled=\"\"\n      data-trigger-mode=\"\"\n      data-click-trigger-selector=\"\"\n      data-font-family=\"\"\n      data-cookie-expiration-time=\"\"\n    >\n      <input type=\"hidden\" name=\"data[form_id]\" value=\"1\" \/>\n      <input type=\"hidden\" name=\"token\" value=\"0fc4487812\" \/>\n      <input type=\"hidden\" name=\"api_version\" value=\"v1\" \/>\n      <input type=\"hidden\" name=\"endpoint\" value=\"subscribers\" \/>\n      <input type=\"hidden\" name=\"mailpoet_method\" value=\"subscribe\" \/>\n\n      <label class=\"mailpoet_hp_email_label\" style=\"display: none !important;\">Bitte dieses Feld leer lassen<input type=\"email\" name=\"data[email]\"\/><\/label><div class=\"mailpoet_paragraph\"><label for=\"form_email_1\" class=\"mailpoet_text_label\"  data-automation-id=\"form_email_label\" >E-Mail&nbsp;<span class=\"mailpoet_required\" aria-hidden=\"true\">*<\/span><\/label><input type=\"email\" autocomplete=\"email\" class=\"mailpoet_text\" id=\"form_email_1\" name=\"data[form_field_ZmU0ZGE2NGMyZjVkX2VtYWls]\" title=\"E-Mail\" value=\"\" data-automation-id=\"form_email\" data-parsley-errors-container=\".mailpoet_error_1kbc6\" data-parsley-required=\"true\" required aria-required=\"true\" data-parsley-minlength=\"6\" data-parsley-maxlength=\"150\" data-parsley-type-message=\"Dieser Wert sollte eine g\u00fcltige E-Mail-Adresse sein.\" data-parsley-required-message=\"Dieses Feld wird ben\u00f6tigt.\"\/><span class=\"mailpoet_error_1kbc6\"><\/span><\/div>\n<div class=\"mailpoet_paragraph\"><input type=\"submit\" class=\"mailpoet_submit\" value=\"Anmelden!\" data-automation-id=\"subscribe-submit-button\" style=\"border-color:transparent;\" \/><span class=\"mailpoet_form_loading\"><span class=\"mailpoet_bounce1\"><\/span><span class=\"mailpoet_bounce2\"><\/span><span class=\"mailpoet_bounce3\"><\/span><\/span><\/div>\n\n      <div class=\"mailpoet_message\">\n        <p class=\"mailpoet_validate_success\"\n                style=\"display:none;\"\n                >Und nun hopp! ins E-Mail-Postfach schauen, Datenschutzged\u00f6ns lesen und best\u00e4tigen, um das Mohrbrief-Abo zu starten!\nWenn du keine Mail erhalten hast, bitte auch den SPAM-Ordner checken - da versteckt sich der kleine Schlingel n\u00e4mlich gerne schon mal. \n        <\/p>\n        <p class=\"mailpoet_validate_error\"\n                style=\"display:none;\"\n                >        <\/p>\n      <\/div>\n    <\/form>\n\n      <\/div>\n\n   <\/p>\n<\/div>\n<\/div>\n","protected":false},"excerpt":{"rendered":"<p>Das pflanzliche Pendant zur rheinischen Spezialit\u00e4t voller Wurst, Speck und Eier kommt mit einer schmalen Zutatenliste daher, l\u00e4sst sich prima vorbereiten und schmeckt auch kalt hervorragend. An den Airfryer, fertig, los!<\/p>\n","protected":false},"author":1,"featured_media":9864,"comment_status":"closed","ping_status":"open","sticky":false,"template":"","format":"standard","meta":{"_jetpack_newsletter_access":"","_jetpack_dont_email_post_to_subs":false,"_jetpack_newsletter_tier_id":0,"_jetpack_memberships_contains_paywalled_content":false,"_jetpack_memberships_contains_paid_content":false,"footnotes":""},"categories":[376],"tags":[],"class_list":["post-9862","post","type-post","status-publish","format-standard","has-post-thumbnail","hentry","category-fraumohrkocht"],"yoast_head":"<!-- This site is optimized with the Yoast SEO plugin v28.1 - https:\/\/yoast.com\/product\/yoast-seo-wordpress\/ -->\n<title>D\u00f6ppekooche aus dem Airfryer - vegan &amp; ohne Ged\u00f6ns<\/title>\n<meta name=\"description\" content=\"Das pflanzliche Pendant zur rheinischen Spezialit\u00e4t voller Wurst, Speck und Eier kommt mit einer schmalen Zutatenliste daher, l\u00e4sst sich prima vorbereiten und schmeckt auch kalt hervorragend. An den Airfryer, fertig, los!\" \/>\n<meta name=\"robots\" content=\"index, follow, max-snippet:-1, max-image-preview:large, max-video-preview:-1\" \/>\n<link rel=\"canonical\" href=\"https:\/\/danielamohr.com\/mohrblog\/2026\/09\/04\/doeppekooche\/\" \/>\n<meta property=\"og:locale\" content=\"de_DE\" \/>\n<meta property=\"og:type\" content=\"article\" \/>\n<meta property=\"og:title\" content=\"D\u00f6ppekooche aus dem Airfryer - vegan &amp; ohne Ged\u00f6ns\" \/>\n<meta property=\"og:description\" content=\"Das pflanzliche Pendant zur rheinischen Spezialit\u00e4t voller Wurst, Speck und Eier kommt mit einer schmalen Zutatenliste daher, l\u00e4sst sich prima vorbereiten und schmeckt auch kalt hervorragend. An den Airfryer, fertig, los!\" \/>\n<meta property=\"og:url\" content=\"https:\/\/danielamohr.com\/mohrblog\/2026\/09\/04\/doeppekooche\/\" \/>\n<meta property=\"og:site_name\" content=\"MOHRBLOG\" \/>\n<meta property=\"article:published_time\" content=\"2026-09-04T16:39:27+00:00\" \/>\n<meta property=\"article:modified_time\" content=\"2026-09-05T08:41:07+00:00\" \/>\n<meta property=\"og:image\" content=\"https:\/\/danielamohr.com\/mohrblog\/wp-content\/uploads\/2026\/09\/Doeppekooche.jpg\" \/>\n\t<meta property=\"og:image:width\" content=\"1500\" \/>\n\t<meta property=\"og:image:height\" content=\"1125\" \/>\n\t<meta property=\"og:image:type\" content=\"image\/jpeg\" \/>\n<meta name=\"author\" content=\"mohrblog\" \/>\n<meta name=\"twitter:card\" content=\"summary_large_image\" \/>\n<meta name=\"twitter:label1\" content=\"Verfasst von\" \/>\n\t<meta name=\"twitter:data1\" content=\"mohrblog\" \/>\n\t<meta name=\"twitter:label2\" content=\"Gesch\u00e4tzte Lesezeit\" \/>\n\t<meta name=\"twitter:data2\" content=\"5\u00a0Minuten\" \/>\n<script type=\"application\/ld+json\" class=\"yoast-schema-graph\">{\"@context\":\"https:\\\/\\\/schema.org\",\"@graph\":[{\"@type\":\"Article\",\"@id\":\"https:\\\/\\\/danielamohr.com\\\/mohrblog\\\/2026\\\/09\\\/04\\\/doeppekooche\\\/#article\",\"isPartOf\":{\"@id\":\"https:\\\/\\\/danielamohr.com\\\/mohrblog\\\/2026\\\/09\\\/04\\\/doeppekooche\\\/\"},\"author\":{\"name\":\"mohrblog\",\"@id\":\"https:\\\/\\\/danielamohr.com\\\/mohrblog\\\/#\\\/schema\\\/person\\\/0952761f1fe9cb76f47c328e9fd745ca\"},\"headline\":\"D\u00f6ppekooche aus dem Airfryer\",\"datePublished\":\"2026-09-04T16:39:27+00:00\",\"dateModified\":\"2026-09-05T08:41:07+00:00\",\"mainEntityOfPage\":{\"@id\":\"https:\\\/\\\/danielamohr.com\\\/mohrblog\\\/2026\\\/09\\\/04\\\/doeppekooche\\\/\"},\"wordCount\":720,\"image\":{\"@id\":\"https:\\\/\\\/danielamohr.com\\\/mohrblog\\\/2026\\\/09\\\/04\\\/doeppekooche\\\/#primaryimage\"},\"thumbnailUrl\":\"https:\\\/\\\/danielamohr.com\\\/mohrblog\\\/wp-content\\\/uploads\\\/2026\\\/09\\\/Doeppekooche.jpg\",\"articleSection\":[\"fraumohrkocht\"],\"inLanguage\":\"de\"},{\"@type\":\"WebPage\",\"@id\":\"https:\\\/\\\/danielamohr.com\\\/mohrblog\\\/2026\\\/09\\\/04\\\/doeppekooche\\\/\",\"url\":\"https:\\\/\\\/danielamohr.com\\\/mohrblog\\\/2026\\\/09\\\/04\\\/doeppekooche\\\/\",\"name\":\"D\u00f6ppekooche aus dem Airfryer - vegan & ohne Ged\u00f6ns\",\"isPartOf\":{\"@id\":\"https:\\\/\\\/danielamohr.com\\\/mohrblog\\\/#website\"},\"primaryImageOfPage\":{\"@id\":\"https:\\\/\\\/danielamohr.com\\\/mohrblog\\\/2026\\\/09\\\/04\\\/doeppekooche\\\/#primaryimage\"},\"image\":{\"@id\":\"https:\\\/\\\/danielamohr.com\\\/mohrblog\\\/2026\\\/09\\\/04\\\/doeppekooche\\\/#primaryimage\"},\"thumbnailUrl\":\"https:\\\/\\\/danielamohr.com\\\/mohrblog\\\/wp-content\\\/uploads\\\/2026\\\/09\\\/Doeppekooche.jpg\",\"datePublished\":\"2026-09-04T16:39:27+00:00\",\"dateModified\":\"2026-09-05T08:41:07+00:00\",\"author\":{\"@id\":\"https:\\\/\\\/danielamohr.com\\\/mohrblog\\\/#\\\/schema\\\/person\\\/0952761f1fe9cb76f47c328e9fd745ca\"},\"description\":\"Das pflanzliche Pendant zur rheinischen Spezialit\u00e4t voller Wurst, Speck und Eier kommt mit einer schmalen Zutatenliste daher, l\u00e4sst sich prima vorbereiten und schmeckt auch kalt hervorragend. An den Airfryer, fertig, los!\",\"breadcrumb\":{\"@id\":\"https:\\\/\\\/danielamohr.com\\\/mohrblog\\\/2026\\\/09\\\/04\\\/doeppekooche\\\/#breadcrumb\"},\"inLanguage\":\"de\",\"potentialAction\":[{\"@type\":\"ReadAction\",\"target\":[\"https:\\\/\\\/danielamohr.com\\\/mohrblog\\\/2026\\\/09\\\/04\\\/doeppekooche\\\/\"]}]},{\"@type\":\"ImageObject\",\"inLanguage\":\"de\",\"@id\":\"https:\\\/\\\/danielamohr.com\\\/mohrblog\\\/2026\\\/09\\\/04\\\/doeppekooche\\\/#primaryimage\",\"url\":\"https:\\\/\\\/danielamohr.com\\\/mohrblog\\\/wp-content\\\/uploads\\\/2026\\\/09\\\/Doeppekooche.jpg\",\"contentUrl\":\"https:\\\/\\\/danielamohr.com\\\/mohrblog\\\/wp-content\\\/uploads\\\/2026\\\/09\\\/Doeppekooche.jpg\",\"width\":1500,\"height\":1125},{\"@type\":\"BreadcrumbList\",\"@id\":\"https:\\\/\\\/danielamohr.com\\\/mohrblog\\\/2026\\\/09\\\/04\\\/doeppekooche\\\/#breadcrumb\",\"itemListElement\":[{\"@type\":\"ListItem\",\"position\":1,\"name\":\"Startseite\",\"item\":\"https:\\\/\\\/danielamohr.com\\\/mohrblog\\\/\"},{\"@type\":\"ListItem\",\"position\":2,\"name\":\"D\u00f6ppekooche aus dem Airfryer\"}]},{\"@type\":\"WebSite\",\"@id\":\"https:\\\/\\\/danielamohr.com\\\/mohrblog\\\/#website\",\"url\":\"https:\\\/\\\/danielamohr.com\\\/mohrblog\\\/\",\"name\":\"mohrblog\",\"description\":\"\",\"potentialAction\":[{\"@type\":\"SearchAction\",\"target\":{\"@type\":\"EntryPoint\",\"urlTemplate\":\"https:\\\/\\\/danielamohr.com\\\/mohrblog\\\/?s={search_term_string}\"},\"query-input\":{\"@type\":\"PropertyValueSpecification\",\"valueRequired\":true,\"valueName\":\"search_term_string\"}}],\"inLanguage\":\"de\"},{\"@type\":\"Person\",\"@id\":\"https:\\\/\\\/danielamohr.com\\\/mohrblog\\\/#\\\/schema\\\/person\\\/0952761f1fe9cb76f47c328e9fd745ca\",\"name\":\"mohrblog\"}]}<\/script>\n<!-- \/ Yoast SEO plugin. -->","yoast_head_json":{"title":"D\u00f6ppekooche aus dem Airfryer - vegan & ohne Ged\u00f6ns","description":"Das pflanzliche Pendant zur rheinischen Spezialit\u00e4t voller Wurst, Speck und Eier kommt mit einer schmalen Zutatenliste daher, l\u00e4sst sich prima vorbereiten und schmeckt auch kalt hervorragend. An den Airfryer, fertig, los!","robots":{"index":"index","follow":"follow","max-snippet":"max-snippet:-1","max-image-preview":"max-image-preview:large","max-video-preview":"max-video-preview:-1"},"canonical":"https:\/\/danielamohr.com\/mohrblog\/2026\/09\/04\/doeppekooche\/","og_locale":"de_DE","og_type":"article","og_title":"D\u00f6ppekooche aus dem Airfryer - vegan & ohne Ged\u00f6ns","og_description":"Das pflanzliche Pendant zur rheinischen Spezialit\u00e4t voller Wurst, Speck und Eier kommt mit einer schmalen Zutatenliste daher, l\u00e4sst sich prima vorbereiten und schmeckt auch kalt hervorragend. An den Airfryer, fertig, los!","og_url":"https:\/\/danielamohr.com\/mohrblog\/2026\/09\/04\/doeppekooche\/","og_site_name":"MOHRBLOG","article_published_time":"2026-09-04T16:39:27+00:00","article_modified_time":"2026-09-05T08:41:07+00:00","og_image":[{"width":1500,"height":1125,"url":"https:\/\/danielamohr.com\/mohrblog\/wp-content\/uploads\/2026\/09\/Doeppekooche.jpg","type":"image\/jpeg"}],"author":"mohrblog","twitter_card":"summary_large_image","twitter_misc":{"Verfasst von":"mohrblog","Gesch\u00e4tzte Lesezeit":"5\u00a0Minuten"},"schema":{"@context":"https:\/\/schema.org","@graph":[{"@type":"Article","@id":"https:\/\/danielamohr.com\/mohrblog\/2026\/09\/04\/doeppekooche\/#article","isPartOf":{"@id":"https:\/\/danielamohr.com\/mohrblog\/2026\/09\/04\/doeppekooche\/"},"author":{"name":"mohrblog","@id":"https:\/\/danielamohr.com\/mohrblog\/#\/schema\/person\/0952761f1fe9cb76f47c328e9fd745ca"},"headline":"D\u00f6ppekooche aus dem Airfryer","datePublished":"2026-09-04T16:39:27+00:00","dateModified":"2026-09-05T08:41:07+00:00","mainEntityOfPage":{"@id":"https:\/\/danielamohr.com\/mohrblog\/2026\/09\/04\/doeppekooche\/"},"wordCount":720,"image":{"@id":"https:\/\/danielamohr.com\/mohrblog\/2026\/09\/04\/doeppekooche\/#primaryimage"},"thumbnailUrl":"https:\/\/danielamohr.com\/mohrblog\/wp-content\/uploads\/2026\/09\/Doeppekooche.jpg","articleSection":["fraumohrkocht"],"inLanguage":"de"},{"@type":"WebPage","@id":"https:\/\/danielamohr.com\/mohrblog\/2026\/09\/04\/doeppekooche\/","url":"https:\/\/danielamohr.com\/mohrblog\/2026\/09\/04\/doeppekooche\/","name":"D\u00f6ppekooche aus dem Airfryer - vegan & ohne Ged\u00f6ns","isPartOf":{"@id":"https:\/\/danielamohr.com\/mohrblog\/#website"},"primaryImageOfPage":{"@id":"https:\/\/danielamohr.com\/mohrblog\/2026\/09\/04\/doeppekooche\/#primaryimage"},"image":{"@id":"https:\/\/danielamohr.com\/mohrblog\/2026\/09\/04\/doeppekooche\/#primaryimage"},"thumbnailUrl":"https:\/\/danielamohr.com\/mohrblog\/wp-content\/uploads\/2026\/09\/Doeppekooche.jpg","datePublished":"2026-09-04T16:39:27+00:00","dateModified":"2026-09-05T08:41:07+00:00","author":{"@id":"https:\/\/danielamohr.com\/mohrblog\/#\/schema\/person\/0952761f1fe9cb76f47c328e9fd745ca"},"description":"Das pflanzliche Pendant zur rheinischen Spezialit\u00e4t voller Wurst, Speck und Eier kommt mit einer schmalen Zutatenliste daher, l\u00e4sst sich prima vorbereiten und schmeckt auch kalt hervorragend. An den Airfryer, fertig, los!","breadcrumb":{"@id":"https:\/\/danielamohr.com\/mohrblog\/2026\/09\/04\/doeppekooche\/#breadcrumb"},"inLanguage":"de","potentialAction":[{"@type":"ReadAction","target":["https:\/\/danielamohr.com\/mohrblog\/2026\/09\/04\/doeppekooche\/"]}]},{"@type":"ImageObject","inLanguage":"de","@id":"https:\/\/danielamohr.com\/mohrblog\/2026\/09\/04\/doeppekooche\/#primaryimage","url":"https:\/\/danielamohr.com\/mohrblog\/wp-content\/uploads\/2026\/09\/Doeppekooche.jpg","contentUrl":"https:\/\/danielamohr.com\/mohrblog\/wp-content\/uploads\/2026\/09\/Doeppekooche.jpg","width":1500,"height":1125},{"@type":"BreadcrumbList","@id":"https:\/\/danielamohr.com\/mohrblog\/2026\/09\/04\/doeppekooche\/#breadcrumb","itemListElement":[{"@type":"ListItem","position":1,"name":"Startseite","item":"https:\/\/danielamohr.com\/mohrblog\/"},{"@type":"ListItem","position":2,"name":"D\u00f6ppekooche aus dem Airfryer"}]},{"@type":"WebSite","@id":"https:\/\/danielamohr.com\/mohrblog\/#website","url":"https:\/\/danielamohr.com\/mohrblog\/","name":"mohrblog","description":"","potentialAction":[{"@type":"SearchAction","target":{"@type":"EntryPoint","urlTemplate":"https:\/\/danielamohr.com\/mohrblog\/?s={search_term_string}"},"query-input":{"@type":"PropertyValueSpecification","valueRequired":true,"valueName":"search_term_string"}}],"inLanguage":"de"},{"@type":"Person","@id":"https:\/\/danielamohr.com\/mohrblog\/#\/schema\/person\/0952761f1fe9cb76f47c328e9fd745ca","name":"mohrblog"}]}},"jetpack_featured_media_url":"https:\/\/danielamohr.com\/mohrblog\/wp-content\/uploads\/2026\/09\/Doeppekooche.jpg","jetpack_sharing_enabled":true,"_links":{"self":[{"href":"https:\/\/danielamohr.com\/mohrblog\/wp-json\/wp\/v2\/posts\/9862","targetHints":{"allow":["GET"]}}],"collection":[{"href":"https:\/\/danielamohr.com\/mohrblog\/wp-json\/wp\/v2\/posts"}],"about":[{"href":"https:\/\/danielamohr.com\/mohrblog\/wp-json\/wp\/v2\/types\/post"}],"author":[{"embeddable":true,"href":"https:\/\/danielamohr.com\/mohrblog\/wp-json\/wp\/v2\/users\/1"}],"replies":[{"embeddable":true,"href":"https:\/\/danielamohr.com\/mohrblog\/wp-json\/wp\/v2\/comments?post=9862"}],"version-history":[{"count":5,"href":"https:\/\/danielamohr.com\/mohrblog\/wp-json\/wp\/v2\/posts\/9862\/revisions"}],"predecessor-version":[{"id":9868,"href":"https:\/\/danielamohr.com\/mohrblog\/wp-json\/wp\/v2\/posts\/9862\/revisions\/9868"}],"wp:featuredmedia":[{"embeddable":true,"href":"https:\/\/danielamohr.com\/mohrblog\/wp-json\/wp\/v2\/media\/9864"}],"wp:attachment":[{"href":"https:\/\/danielamohr.com\/mohrblog\/wp-json\/wp\/v2\/media?parent=9862"}],"wp:term":[{"taxonomy":"category","embeddable":true,"href":"https:\/\/danielamohr.com\/mohrblog\/wp-json\/wp\/v2\/categories?post=9862"},{"taxonomy":"post_tag","embeddable":true,"href":"https:\/\/danielamohr.com\/mohrblog\/wp-json\/wp\/v2\/tags?post=9862"}],"curies":[{"name":"wp","href":"https:\/\/api.w.org\/{rel}","templated":true}]}}